{"id":1138,"date":"2021-05-04T12:28:45","date_gmt":"2021-05-04T12:28:45","guid":{"rendered":"https:\/\/www.bodyplaza.be\/fr\/?p=1138"},"modified":"2021-09-11T18:35:41","modified_gmt":"2021-09-11T18:35:41","slug":"larte-dellestetica","status":"publish","type":"post","link":"https:\/\/www.bodyplaza.be\/fr\/larte-dellestetica\/","title":{"rendered":"L&#8217;arte dell&#8217;estetica"},"content":{"rendered":"\t\t<div data-elementor-type=\"wp-post\" data-elementor-id=\"1138\" class=\"elementor elementor-1138\" data-elementor-post-type=\"post\">\n\t\t\t\t\t\t<section class=\"elementor-section elementor-top-section elementor-element elementor-element-9a1080f elementor-section-height-min-height sf-top elementor-section-boxed elementor-section-height-default elementor-section-items-middle\" data-id=\"9a1080f\" data-element_type=\"section\" data-e-type=\"section\" data-settings=\"{&quot;background_background&quot;:&quot;classic&quot;,&quot;shape_divider_bottom&quot;:&quot;waves&quot;}\">\n\t\t\t\t\t<div class=\"elementor-shape elementor-shape-bottom\" aria-hidden=\"true\" data-negative=\"false\">\n\t\t\t<svg xmlns=\"http:\/\/www.w3.org\/2000\/svg\" viewBox=\"0 0 1000 100\" preserveAspectRatio=\"none\">\n\t<path class=\"elementor-shape-fill\" d=\"M421.9,6.5c22.6-2.5,51.5,0.4,75.5,5.3c23.6,4.9,70.9,23.5,100.5,35.7c75.8,32.2,133.7,44.5,192.6,49.7\n\tc23.6,2.1,48.7,3.5,103.4-2.5c54.7-6,106.2-25.6,106.2-25.6V0H0v30.3c0,0,72,32.6,158.4,30.5c39.2-0.7,92.8-6.7,134-22.4\n\tc21.2-8.1,52.2-18.2,79.7-24.2C399.3,7.9,411.6,7.5,421.9,6.5z\"\/>\n<\/svg>\t\t<\/div>\n\t\t\t\t\t<div class=\"elementor-container elementor-column-gap-default\">\n\t\t\t\t\t<div class=\"elementor-column elementor-col-100 elementor-top-column elementor-element elementor-element-f66997e\" data-id=\"f66997e\" data-element_type=\"column\" data-e-type=\"column\">\n\t\t\t<div class=\"elementor-widget-wrap elementor-element-populated\">\n\t\t\t\t\t\t<div class=\"elementor-element elementor-element-d0ea397 elementor-widget elementor-widget-heading\" data-id=\"d0ea397\" data-element_type=\"widget\" data-e-type=\"widget\" data-widget_type=\"heading.default\">\n\t\t\t\t<div class=\"elementor-widget-container\">\n\t\t\t\t\t<h1 class=\"elementor-heading-title elementor-size-default\">L&#8217;arte dell&#8217;estetica<\/h1>\t\t\t\t<\/div>\n\t\t\t\t<\/div>\n\t\t\t\t\t<\/div>\n\t\t<\/div>\n\t\t\t\t\t<\/div>\n\t\t<\/section>\n\t\t\t\t<section class=\"elementor-section elementor-top-section elementor-element elementor-element-6bd606b elementor-section-boxed elementor-section-height-default elementor-section-height-default\" data-id=\"6bd606b\" data-element_type=\"section\" data-e-type=\"section\">\n\t\t\t\t\t\t<div class=\"elementor-container elementor-column-gap-default\">\n\t\t\t\t\t<div class=\"elementor-column elementor-col-66 elementor-top-column elementor-element elementor-element-9a9a32e\" data-id=\"9a9a32e\" data-element_type=\"column\" data-e-type=\"column\">\n\t\t\t<div class=\"elementor-widget-wrap elementor-element-populated\">\n\t\t\t\t\t\t<div class=\"elementor-element elementor-element-3432a69 elementor-widget elementor-widget-text-editor\" data-id=\"3432a69\" data-element_type=\"widget\" data-e-type=\"widget\" data-widget_type=\"text-editor.default\">\n\t\t\t\t<div class=\"elementor-widget-container\">\n\t\t\t\t\t\t\t\t\t<h1 style=\"font-family: Montserrat, sans-serif; color: #666666;\">Body Plaza Europe a le plaisir de vous pr\u00e9senter ce salon:<\/h1>\nL&#8217;arte dell&#8217;estetica \u00e0 Veghel est le salon de beaut\u00e9 dirig\u00e9 par Ineke Persoon, qui a \u00e9t\u00e9 active dans le secteur toute sa vie professionnelle. Elle aborde la beaut\u00e9 \u00e0 partir de son admiration pour l&#8217;int\u00e9rieur du corps humain. &#8220;Je trouve fascinant de voir comment le corps est contr\u00f4l\u00e9 par toutes sortes de processus. C&#8217;est \u00e9galement la base de nos traitements. Et bien s\u00fbr, l&#8217;attention personnelle et l&#8217;hospitalit\u00e9 sont centrales pour nous.\u201d\t\t\t\t\t\t\t\t<\/div>\n\t\t\t\t<\/div>\n\t\t\t\t\t<\/div>\n\t\t<\/div>\n\t\t\t\t<div class=\"elementor-column elementor-col-33 elementor-top-column elementor-element elementor-element-948a0f1\" data-id=\"948a0f1\" data-element_type=\"column\" data-e-type=\"column\">\n\t\t\t<div class=\"elementor-widget-wrap elementor-element-populated\">\n\t\t\t\t\t\t<div class=\"elementor-element elementor-element-600cbed elementor-widget elementor-widget-image\" data-id=\"600cbed\" data-element_type=\"widget\" data-e-type=\"widget\" data-widget_type=\"image.default\">\n\t\t\t\t<div class=\"elementor-widget-container\">\n\t\t\t\t\t\t\t\t\t\t\t\t\t\t\t<img fetchpriority=\"high\" decoding=\"async\" width=\"800\" height=\"613\" src=\"https:\/\/www.bodyplaza.be\/fr\/wp-content\/uploads\/2021\/05\/19-L-art-dell-estetica-web.jpg\" class=\"attachment-large size-large wp-image-1158\" alt=\"\" srcset=\"https:\/\/www.bodyplaza.be\/fr\/wp-content\/uploads\/2021\/05\/19-L-art-dell-estetica-web.jpg 800w, https:\/\/www.bodyplaza.be\/fr\/wp-content\/uploads\/2021\/05\/19-L-art-dell-estetica-web-300x230.jpg 300w, https:\/\/www.bodyplaza.be\/fr\/wp-content\/uploads\/2021\/05\/19-L-art-dell-estetica-web-768x588.jpg 768w\" sizes=\"(max-width: 800px) 100vw, 800px\" \/>\t\t\t\t\t\t\t\t\t\t\t\t\t\t\t<\/div>\n\t\t\t\t<\/div>\n\t\t\t\t\t<\/div>\n\t\t<\/div>\n\t\t\t\t\t<\/div>\n\t\t<\/section>\n\t\t\t\t<section class=\"elementor-section elementor-top-section elementor-element elementor-element-4e84f12 elementor-section-boxed elementor-section-height-default elementor-section-height-default\" data-id=\"4e84f12\" data-element_type=\"section\" data-e-type=\"section\" data-settings=\"{&quot;background_background&quot;:&quot;classic&quot;}\">\n\t\t\t\t\t\t<div class=\"elementor-container elementor-column-gap-default\">\n\t\t\t\t\t<div class=\"elementor-column elementor-col-33 elementor-top-column elementor-element elementor-element-5441e00\" data-id=\"5441e00\" data-element_type=\"column\" data-e-type=\"column\">\n\t\t\t<div class=\"elementor-widget-wrap elementor-element-populated\">\n\t\t\t\t\t\t<div class=\"elementor-element elementor-element-4714774 elementor-widget elementor-widget-video\" data-id=\"4714774\" data-element_type=\"widget\" data-e-type=\"widget\" data-settings=\"{&quot;youtube_url&quot;:&quot;https:\\\/\\\/youtu.be\\\/N9twq0HHBqI&quot;,&quot;video_type&quot;:&quot;youtube&quot;,&quot;controls&quot;:&quot;yes&quot;}\" data-widget_type=\"video.default\">\n\t\t\t\t<div class=\"elementor-widget-container\">\n\t\t\t\t\t\t\t<div class=\"elementor-wrapper elementor-open-inline\">\n\t\t\t<div class=\"elementor-video\"><\/div>\t\t<\/div>\n\t\t\t\t\t\t<\/div>\n\t\t\t\t<\/div>\n\t\t\t\t\t<\/div>\n\t\t<\/div>\n\t\t\t\t<div class=\"elementor-column elementor-col-66 elementor-top-column elementor-element elementor-element-b5123bf\" data-id=\"b5123bf\" data-element_type=\"column\" data-e-type=\"column\">\n\t\t\t<div class=\"elementor-widget-wrap elementor-element-populated\">\n\t\t\t\t\t\t<div class=\"elementor-element elementor-element-5204af4 elementor-widget elementor-widget-text-editor\" data-id=\"5204af4\" data-element_type=\"widget\" data-e-type=\"widget\" data-widget_type=\"text-editor.default\">\n\t\t\t\t<div class=\"elementor-widget-container\">\n\t\t\t\t\t\t\t\t\t<p><span style=\"font-weight: bolder;\"><strong>Le Salon<\/strong><br \/><\/span><br \/>L&#8217;arte dell&#8217;estetica est \u00e9galement appel\u00e9 Salon de beaut\u00e9 Veghel et est l&#8217;un des plus grands de la r\u00e9gion de Veghel. L&#8217;arte dell&#8217;estetica est un salon moderne polyvalent qui propose un vaste programme de traitements et de produits. L&#8217;\u00e9quipe de quatre employ\u00e9s qualifi\u00e9s et sp\u00e9cialis\u00e9s dispose des \u00e9quipements les plus innovants qui produisent des r\u00e9sultats d\u00e9montrables et, surtout, qui sont s\u00fbrs.<\/p><p>Le salon est situ\u00e9 \u00e0 Dorshout 6D, \u00e0 la fin de la zone b\u00e2tie de Veghel. Il s&#8217;agit d&#8217;une route \u00e0 circulation r\u00e9duite et sortante vers une zone bois\u00e9e. Il y a beaucoup d&#8217;espace de stationnement autour du salon et la tranquillit\u00e9 permet d&#8217;entrer discr\u00e8tement dans le salon. \u00c0 l&#8217;int\u00e9rieur, il y a une salle d&#8217;accueil \/ r\u00e9ception o\u00f9 vous \u00eates le bienvenu pour prendre une tasse de caf\u00e9 ou de th\u00e9 avant le traitement et pour vous orienter sur les diff\u00e9rents produits de beaut\u00e9.<\/p>\t\t\t\t\t\t\t\t<\/div>\n\t\t\t\t<\/div>\n\t\t\t\t\t<\/div>\n\t\t<\/div>\n\t\t\t\t\t<\/div>\n\t\t<\/section>\n\t\t\t\t<section class=\"elementor-section elementor-top-section elementor-element elementor-element-cd0a25b elementor-section-content-middle elementor-section-boxed elementor-section-height-default elementor-section-height-default\" data-id=\"cd0a25b\" data-element_type=\"section\" data-e-type=\"section\">\n\t\t\t\t\t\t<div class=\"elementor-container elementor-column-gap-default\">\n\t\t\t\t\t<div class=\"elementor-column elementor-col-66 elementor-top-column elementor-element elementor-element-3590b7f\" data-id=\"3590b7f\" data-element_type=\"column\" data-e-type=\"column\">\n\t\t\t<div class=\"elementor-widget-wrap elementor-element-populated\">\n\t\t\t\t\t\t<div class=\"elementor-element elementor-element-1188864 elementor-widget elementor-widget-text-editor\" data-id=\"1188864\" data-element_type=\"widget\" data-e-type=\"widget\" data-widget_type=\"text-editor.default\">\n\t\t\t\t<div class=\"elementor-widget-container\">\n\t\t\t\t\t\t\t\t\t<h1 style=\"font-family: Montserrat, sans-serif; color: #666666;\"><span style=\"color: inherit; font-family: inherit; font-size: 2rem;\">Propri\u00e9taire Ineke Persoon<\/span><\/h1><p><em><span style=\"font-weight: bolder;\">&#8211; Une beaut\u00e9 sophistiqu\u00e9e<\/span><\/em><\/p><p>Ineke Persoon conna\u00eet litt\u00e9ralement le monde lorsqu&#8217;il s&#8217;agit de beaut\u00e9. Elle sait qu&#8217;une peau bronz\u00e9e n&#8217;est pas souhaitable au Japon et que dans une culture arabe, on \u00e9vite d&#8217;utiliser de l&#8217;eau dans les traitements de beaut\u00e9. &#8220;J&#8217;ai acquis ces connaissances parce que j&#8217;ai travaill\u00e9 pendant des ann\u00e9es dans de grands salons de beaut\u00e9 \u00e0 La Haye, o\u00f9 les employ\u00e9s des ambassades \u00e9taient des clients. Chacun d&#8217;entre eux avait sa propre opinion sur le traitement de beaut\u00e9 correct \u00e0 partir de sa culture. Chaque pays a ses propres exigences. Cela m&#8217;a permis d&#8217;\u00eatre cr\u00e9ative et de toujours traiter les clients avec un esprit ouvert.<\/p><p><em><span style=\"font-weight: bolder;\">&#8211; 1995 : son propre salon \u00e0 Veghel<br \/><\/span><\/em>Elle a emmen\u00e9 cette exp\u00e9rience avec elle lorsqu&#8217;elle a ouvert son propre salon en 1995 sous le nom de Beauty care Hawkyard. En 2008, le nom a \u00e9t\u00e9 chang\u00e9 en L&#8217;arte dell&#8217;estetica. En 2014, elle a investi dans un \u00e9quipement de cryolipolyse, augmentant sa client\u00e8le de 150 clients en deux mois. Cette croissance l&#8217;a amen\u00e9e \u00e0 d\u00e9m\u00e9nager dans une maison avec un espace commercial plus grand, o\u00f9 elle a pu \u00e9largir la gamme de types de traitements. En continuant \u00e0 investir dans des \u00e9quipements et des produits innovants, elle a cr\u00e9\u00e9 dans ce nouveau b\u00e2timent le salon le plus \u00e9tendu de la r\u00e9gion.<\/p>\t\t\t\t\t\t\t\t<\/div>\n\t\t\t\t<\/div>\n\t\t\t\t\t<\/div>\n\t\t<\/div>\n\t\t\t\t<div class=\"elementor-column elementor-col-33 elementor-top-column elementor-element elementor-element-3301ce0\" data-id=\"3301ce0\" data-element_type=\"column\" data-e-type=\"column\">\n\t\t\t<div class=\"elementor-widget-wrap elementor-element-populated\">\n\t\t\t\t\t\t<div class=\"elementor-element elementor-element-4a6bba9 elementor-widget elementor-widget-image\" data-id=\"4a6bba9\" data-element_type=\"widget\" data-e-type=\"widget\" data-widget_type=\"image.default\">\n\t\t\t\t<div class=\"elementor-widget-container\">\n\t\t\t\t\t\t\t\t\t\t\t\t\t\t\t<img decoding=\"async\" width=\"768\" height=\"768\" src=\"https:\/\/www.bodyplaza.be\/fr\/wp-content\/uploads\/2021\/05\/Inke-persoon-768x768-1.png\" class=\"attachment-large size-large wp-image-1159\" alt=\"\" srcset=\"https:\/\/www.bodyplaza.be\/fr\/wp-content\/uploads\/2021\/05\/Inke-persoon-768x768-1.png 768w, https:\/\/www.bodyplaza.be\/fr\/wp-content\/uploads\/2021\/05\/Inke-persoon-768x768-1-300x300.png 300w, https:\/\/www.bodyplaza.be\/fr\/wp-content\/uploads\/2021\/05\/Inke-persoon-768x768-1-150x150.png 150w\" sizes=\"(max-width: 768px) 100vw, 768px\" \/>\t\t\t\t\t\t\t\t\t\t\t\t\t\t\t<\/div>\n\t\t\t\t<\/div>\n\t\t\t\t\t<\/div>\n\t\t<\/div>\n\t\t\t\t\t<\/div>\n\t\t<\/section>\n\t\t\t\t<section class=\"elementor-section elementor-top-section elementor-element elementor-element-d96b08e elementor-section-boxed elementor-section-height-default elementor-section-height-default\" data-id=\"d96b08e\" data-element_type=\"section\" data-e-type=\"section\">\n\t\t\t\t\t\t<div class=\"elementor-container elementor-column-gap-default\">\n\t\t\t\t\t<div class=\"elementor-column elementor-col-100 elementor-top-column elementor-element elementor-element-cf64154\" data-id=\"cf64154\" data-element_type=\"column\" data-e-type=\"column\">\n\t\t\t<div class=\"elementor-widget-wrap elementor-element-populated\">\n\t\t\t\t\t\t<div class=\"elementor-element elementor-element-415ff38 elementor-widget-divider--view-line elementor-widget elementor-widget-divider\" data-id=\"415ff38\" data-element_type=\"widget\" data-e-type=\"widget\" data-widget_type=\"divider.default\">\n\t\t\t\t<div class=\"elementor-widget-container\">\n\t\t\t\t\t\t\t<div class=\"elementor-divider\">\n\t\t\t<span class=\"elementor-divider-separator\">\n\t\t\t\t\t\t<\/span>\n\t\t<\/div>\n\t\t\t\t\t\t<\/div>\n\t\t\t\t<\/div>\n\t\t\t\t<div class=\"elementor-element elementor-element-53aa0e5 elementor-widget elementor-widget-spacer\" data-id=\"53aa0e5\" data-element_type=\"widget\" data-e-type=\"widget\" data-widget_type=\"spacer.default\">\n\t\t\t\t<div class=\"elementor-widget-container\">\n\t\t\t\t\t\t\t<div class=\"elementor-spacer\">\n\t\t\t<div class=\"elementor-spacer-inner\"><\/div>\n\t\t<\/div>\n\t\t\t\t\t\t<\/div>\n\t\t\t\t<\/div>\n\t\t\t\t\t<\/div>\n\t\t<\/div>\n\t\t\t\t\t<\/div>\n\t\t<\/section>\n\t\t\t\t<section class=\"elementor-section elementor-top-section elementor-element elementor-element-3bed308 elementor-section-boxed elementor-section-height-default elementor-section-height-default\" data-id=\"3bed308\" data-element_type=\"section\" data-e-type=\"section\">\n\t\t\t\t\t\t<div class=\"elementor-container elementor-column-gap-default\">\n\t\t\t\t\t<div class=\"elementor-column elementor-col-33 elementor-top-column elementor-element elementor-element-2445946\" data-id=\"2445946\" data-element_type=\"column\" data-e-type=\"column\">\n\t\t\t<div class=\"elementor-widget-wrap elementor-element-populated\">\n\t\t\t\t\t\t<div class=\"elementor-element elementor-element-5e7a18f elementor-widget elementor-widget-gallery\" data-id=\"5e7a18f\" data-element_type=\"widget\" data-e-type=\"widget\" data-settings=\"{&quot;columns&quot;:1,&quot;lazyload&quot;:&quot;yes&quot;,&quot;gallery_layout&quot;:&quot;grid&quot;,&quot;columns_tablet&quot;:2,&quot;columns_mobile&quot;:1,&quot;gap&quot;:{&quot;unit&quot;:&quot;px&quot;,&quot;size&quot;:10,&quot;sizes&quot;:[]},&quot;gap_tablet&quot;:{&quot;unit&quot;:&quot;px&quot;,&quot;size&quot;:10,&quot;sizes&quot;:[]},&quot;gap_mobile&quot;:{&quot;unit&quot;:&quot;px&quot;,&quot;size&quot;:10,&quot;sizes&quot;:[]},&quot;link_to&quot;:&quot;file&quot;,&quot;aspect_ratio&quot;:&quot;3:2&quot;,&quot;overlay_background&quot;:&quot;yes&quot;,&quot;content_hover_animation&quot;:&quot;fade-in&quot;}\" data-widget_type=\"gallery.default\">\n\t\t\t\t<div class=\"elementor-widget-container\">\n\t\t\t\t\t\t\t<div class=\"elementor-gallery__container\">\n\t\t\t\t\t\t\t<a class=\"e-gallery-item elementor-gallery-item elementor-animated-content\" href=\"https:\/\/www.bodyplaza.be\/fr\/wp-content\/uploads\/2021\/05\/09-L-art-dell-estetica-web.jpg\" data-elementor-open-lightbox=\"yes\" data-elementor-lightbox-slideshow=\"5e7a18f\" data-elementor-lightbox-title=\"09-L-art-dell-estetica-web\" data-e-action-hash=\"#elementor-action%3Aaction%3Dlightbox%26settings%3DeyJpZCI6MTE1NywidXJsIjoiaHR0cHM6XC9cL3d3dy5ib2R5cGxhemEuYmVcL2ZyXC93cC1jb250ZW50XC91cGxvYWRzXC8yMDIxXC8wNVwvMDktTC1hcnQtZGVsbC1lc3RldGljYS13ZWIuanBnIiwic2xpZGVzaG93IjoiNWU3YTE4ZiJ9\">\n\t\t\t\t\t<div class=\"e-gallery-image elementor-gallery-item__image\" data-thumbnail=\"https:\/\/www.bodyplaza.be\/fr\/wp-content\/uploads\/2021\/05\/09-L-art-dell-estetica-web-300x200.jpg\" data-width=\"300\" data-height=\"200\" aria-label=\"\" role=\"img\" ><\/div>\n\t\t\t\t\t\t\t\t\t\t\t<div class=\"elementor-gallery-item__overlay\"><\/div>\n\t\t\t\t\t\t\t\t\t\t\t\t\t\t<\/a>\n\t\t\t\t\t\t\t<a class=\"e-gallery-item elementor-gallery-item elementor-animated-content\" href=\"https:\/\/www.bodyplaza.be\/fr\/wp-content\/uploads\/2021\/05\/05-L-art-dell-estetica-web.jpg\" data-elementor-open-lightbox=\"yes\" data-elementor-lightbox-slideshow=\"5e7a18f\" data-elementor-lightbox-title=\"05-L-art-dell-estetica-web\" data-e-action-hash=\"#elementor-action%3Aaction%3Dlightbox%26settings%3DeyJpZCI6MTE1NiwidXJsIjoiaHR0cHM6XC9cL3d3dy5ib2R5cGxhemEuYmVcL2ZyXC93cC1jb250ZW50XC91cGxvYWRzXC8yMDIxXC8wNVwvMDUtTC1hcnQtZGVsbC1lc3RldGljYS13ZWIuanBnIiwic2xpZGVzaG93IjoiNWU3YTE4ZiJ9\">\n\t\t\t\t\t<div class=\"e-gallery-image elementor-gallery-item__image\" data-thumbnail=\"https:\/\/www.bodyplaza.be\/fr\/wp-content\/uploads\/2021\/05\/05-L-art-dell-estetica-web-200x300.jpg\" data-width=\"200\" data-height=\"300\" aria-label=\"\" role=\"img\" ><\/div>\n\t\t\t\t\t\t\t\t\t\t\t<div class=\"elementor-gallery-item__overlay\"><\/div>\n\t\t\t\t\t\t\t\t\t\t\t\t\t\t<\/a>\n\t\t\t\t\t\t\t<a class=\"e-gallery-item elementor-gallery-item elementor-animated-content\" href=\"https:\/\/www.bodyplaza.be\/fr\/wp-content\/uploads\/2021\/05\/04-L-art-dell-estetica-web.jpg\" data-elementor-open-lightbox=\"yes\" data-elementor-lightbox-slideshow=\"5e7a18f\" data-elementor-lightbox-title=\"04-L-art-dell-estetica-web\" data-e-action-hash=\"#elementor-action%3Aaction%3Dlightbox%26settings%3DeyJpZCI6MTE1NSwidXJsIjoiaHR0cHM6XC9cL3d3dy5ib2R5cGxhemEuYmVcL2ZyXC93cC1jb250ZW50XC91cGxvYWRzXC8yMDIxXC8wNVwvMDQtTC1hcnQtZGVsbC1lc3RldGljYS13ZWIuanBnIiwic2xpZGVzaG93IjoiNWU3YTE4ZiJ9\">\n\t\t\t\t\t<div class=\"e-gallery-image elementor-gallery-item__image\" data-thumbnail=\"https:\/\/www.bodyplaza.be\/fr\/wp-content\/uploads\/2021\/05\/04-L-art-dell-estetica-web-300x207.jpg\" data-width=\"300\" data-height=\"207\" aria-label=\"\" role=\"img\" ><\/div>\n\t\t\t\t\t\t\t\t\t\t\t<div class=\"elementor-gallery-item__overlay\"><\/div>\n\t\t\t\t\t\t\t\t\t\t\t\t\t\t<\/a>\n\t\t\t\t\t<\/div>\n\t\t\t\t\t<\/div>\n\t\t\t\t<\/div>\n\t\t\t\t\t<\/div>\n\t\t<\/div>\n\t\t\t\t<div class=\"elementor-column elementor-col-66 elementor-top-column elementor-element elementor-element-ae0b9f4\" data-id=\"ae0b9f4\" data-element_type=\"column\" data-e-type=\"column\">\n\t\t\t<div class=\"elementor-widget-wrap elementor-element-populated\">\n\t\t\t\t\t\t<div class=\"elementor-element elementor-element-8f03540 elementor-widget elementor-widget-text-editor\" data-id=\"8f03540\" data-element_type=\"widget\" data-e-type=\"widget\" data-widget_type=\"text-editor.default\">\n\t\t\t\t<div class=\"elementor-widget-container\">\n\t\t\t\t\t\t\t\t\t<h1 style=\"font-family: Montserrat, sans-serif; color: #666666;\"><span style=\"font-weight: bolder; color: inherit; font-family: inherit; font-size: 2rem;\">Vision : Traitements cosm\u00e9tologiques<\/span><\/h1><p><em><span style=\"font-weight: bolder;\">&#8211; Processus de traitement<br \/><\/span><\/em>Pour les m\u00e9thodes de traitement, L&#8217;arte dell&#8217;estetica utilise des \u00e9quipements avanc\u00e9s et test\u00e9s de mani\u00e8re approfondie, ainsi que des cr\u00e8mes qui ont \u00e9t\u00e9 d\u00e9velopp\u00e9es \u00e0 partir des connaissances m\u00e9dicales des processus naturels du corps.<\/p><p>&#8220;Nous appelons cela la cosm\u00e9tique. Il doit \u00eatre bas\u00e9 sur la connaissance du corps et sur nos connaissances m\u00e9dicales. Nous commen\u00e7ons toujours le processus par un soin du visage avec un scan de la peau. Nous mesurons ensuite, entre autres, la pigmentation, la production de s\u00e9bum et l&#8217;hydratation. C&#8217;est diff\u00e9rent pour chaque personne. Sur la base de ce diagnostic, nous pouvons traiter le visage avec les cr\u00e8mes appropri\u00e9es. Ce sont des produits qui ne sont pas en vente en pharmacie ou en parfumerie, car ils contiennent de fortes concentrations de principes actifs. Nous sommes autoris\u00e9s \u00e0 les vendre et \u00e0 les utiliser, car nous savons quels peuvent \u00eatre les effets de ces produits. On nous fait souvent remarquer que nos traitements et nos ressources ont effectivement des r\u00e9sultats.\u201d<\/p><p><em><span style=\"font-weight: bolder;\">&#8211; Processus corporels naturels<br \/><\/span><\/em>Des r\u00e9sultats d\u00e9montrables sont obtenus \u00e0 L&#8217;arte dell&#8217;estetica gr\u00e2ce \u00e0 des traitements innovants bas\u00e9s sur les processus naturels du corps. &#8220;Il ne s&#8217;agit pas seulement de beaut\u00e9, mais aussi de sant\u00e9. La beaut\u00e9 est litt\u00e9ralement \u00e0 l&#8217;int\u00e9rieur. Le corps est si beau en lui-m\u00eame, en termes de processus. Je trouve fascinant de voir comment tout est contr\u00f4l\u00e9 dans le corps. On peut bien entretenir son corps avec une alimentation saine et de l&#8217;exercice qui soutiennent les processus corporels. C&#8217;est \u00e9galement le cas des soins de beaut\u00e9. En soutenant et en stimulant les processus physiques, vous pouvez vous concentrer sur la gu\u00e9rison et l&#8217;apaisement et ainsi favoriser la beaut\u00e9.&#8221;<\/p><p><em><span style=\"font-weight: bolder;\">&#8211; Attention personnelle<br \/><\/span><\/em>Un soin de beaut\u00e9 est aussi un moment d&#8217;attention personnelle \u00e0 L&#8217;arte dell&#8217;estetica. Les clients peuvent confier leurs d\u00e9sagr\u00e9ments physiques dans un environnement s\u00fbr (intimit\u00e9) \u00e0 une \u00e9quipe de sp\u00e9cialistes internes.<\/p><p>&#8220;Dans notre salon, nous avons tout entre nos mains. Nous r\u00e9alisons les traitements que nous proposons avec notre propre mat\u00e9riel et avec une \u00e9quipe d&#8217;employ\u00e9s permanents. Nous pouvons tout faire nous-m\u00eames. Bien s\u00fbr, j&#8217;en suis fi\u00e8re, mais il y a aussi une raison \u00e0 cela. Nous connaissons nos clients et savons comment utiliser les \u00e9quipements et les ressources pour obtenir les meilleurs r\u00e9sultats.\u201d<\/p><p>&#8220;J&#8217;investis dans les \u00e9quipements et dans mes employ\u00e9s. Nos esth\u00e9ticiennes sont toutes form\u00e9es ici, connaissent le mat\u00e9riel et savent quelle est ma vision. En principe, elles peuvent effectuer tous les traitements et quelques-unes ont leur sp\u00e9cialisation. Nous nous effor\u00e7ons de lier un client \u00e0 une employ\u00e9e. Cela cr\u00e9e un lien, qui cr\u00e9e la confiance. Dans le traitement, mais aussi pour pouvoir raconter une histoire entre eux. \u201d<\/p>\t\t\t\t\t\t\t\t<\/div>\n\t\t\t\t<\/div>\n\t\t\t\t\t<\/div>\n\t\t<\/div>\n\t\t\t\t\t<\/div>\n\t\t<\/section>\n\t\t\t\t<section class=\"elementor-section elementor-top-section elementor-element elementor-element-c0624f9 elementor-section-boxed elementor-section-height-default elementor-section-height-default\" data-id=\"c0624f9\" data-element_type=\"section\" data-e-type=\"section\">\n\t\t\t\t\t\t<div class=\"elementor-container elementor-column-gap-default\">\n\t\t\t\t\t<div class=\"elementor-column elementor-col-100 elementor-top-column elementor-element elementor-element-0da2273\" data-id=\"0da2273\" data-element_type=\"column\" data-e-type=\"column\">\n\t\t\t<div class=\"elementor-widget-wrap elementor-element-populated\">\n\t\t\t\t\t\t<div class=\"elementor-element elementor-element-7784925 elementor-widget elementor-widget-text-editor\" data-id=\"7784925\" data-element_type=\"widget\" data-e-type=\"widget\" data-widget_type=\"text-editor.default\">\n\t\t\t\t<div class=\"elementor-widget-container\">\n\t\t\t\t\t\t\t\t\t<h1 style=\"font-family: Montserrat, sans-serif; color: #666666; text-align: center;\"><a style=\"background-color: #ffffff; font-family: inherit; font-size: 1.5rem;\" href=\"http:\/\/www.schoonheidssalonveghel.nl\/\" target=\"_blank\" rel=\"noopener\">Contact<\/a><\/h1><div class=\"et_pb_blurb_description\"><p style=\"text-align: center;\">L&#8217;arte dell&#8217;estetica |\u00a0Dorshout 6D |\u00a05462 GL in Veghel |\u00a0+31 (0) 413 280479\u00a0Salon keeper Ineke Persoon info@ruimheidssalonveghel.nl<br \/><a href=\"mailto:info@schoonheidssalonveghel.nl\">|\u00a0<\/a><a href=\"http:\/\/www.schoonheidssalonveghel.nl\/\">www.ruimheidssalonveghel.nl<\/a><\/p><\/div>\t\t\t\t\t\t\t\t<\/div>\n\t\t\t\t<\/div>\n\t\t\t\t\t<\/div>\n\t\t<\/div>\n\t\t\t\t\t<\/div>\n\t\t<\/section>\n\t\t\t\t<\/div>\n\t\t","protected":false},"excerpt":{"rendered":"<p>Body Plaza Europe a le plaisir de vous pr\u00e9senter ce salon: L&#8217;arte dell&#8217;estetica \u00e0 Veghel est le salon de beaut\u00e9 dirig\u00e9 par Ineke Persoon, qui a \u00e9t\u00e9 active dans le secteur toute sa vie professionnelle. Elle aborde la beaut\u00e9 \u00e0 partir de son admiration pour l&#8217;int\u00e9rieur du corps humain. &#8220;Je trouve fascinant de voir comment [&hellip;]<\/p>\n","protected":false},"author":1,"featured_media":1158,"comment_status":"closed","ping_status":"open","sticky":false,"template":"","format":"standard","meta":{"footnotes":""},"categories":[34],"tags":[],"class_list":["post-1138","post","type-post","status-publish","format-standard","has-post-thumbnail","hentry","category-journal"],"_links":{"self":[{"href":"https:\/\/www.bodyplaza.be\/fr\/wp-json\/wp\/v2\/posts\/1138","targetHints":{"allow":["GET"]}}],"collection":[{"href":"https:\/\/www.bodyplaza.be\/fr\/wp-json\/wp\/v2\/posts"}],"about":[{"href":"https:\/\/www.bodyplaza.be\/fr\/wp-json\/wp\/v2\/types\/post"}],"author":[{"embeddable":true,"href":"https:\/\/www.bodyplaza.be\/fr\/wp-json\/wp\/v2\/users\/1"}],"replies":[{"embeddable":true,"href":"https:\/\/www.bodyplaza.be\/fr\/wp-json\/wp\/v2\/comments?post=1138"}],"version-history":[{"count":28,"href":"https:\/\/www.bodyplaza.be\/fr\/wp-json\/wp\/v2\/posts\/1138\/revisions"}],"predecessor-version":[{"id":2248,"href":"https:\/\/www.bodyplaza.be\/fr\/wp-json\/wp\/v2\/posts\/1138\/revisions\/2248"}],"wp:featuredmedia":[{"embeddable":true,"href":"https:\/\/www.bodyplaza.be\/fr\/wp-json\/wp\/v2\/media\/1158"}],"wp:attachment":[{"href":"https:\/\/www.bodyplaza.be\/fr\/wp-json\/wp\/v2\/media?parent=1138"}],"wp:term":[{"taxonomy":"category","embeddable":true,"href":"https:\/\/www.bodyplaza.be\/fr\/wp-json\/wp\/v2\/categories?post=1138"},{"taxonomy":"post_tag","embeddable":true,"href":"https:\/\/www.bodyplaza.be\/fr\/wp-json\/wp\/v2\/tags?post=1138"}],"curies":[{"name":"wp","href":"https:\/\/api.w.org\/{rel}","templated":true}]}}